{"id":6712,"date":"2022-01-17T15:51:20","date_gmt":"2022-01-17T14:51:20","guid":{"rendered":"https:\/\/www.tonnelleriebaron.com\/les-salaries-de-la-tonnellerie-baron-decarbonnent\/"},"modified":"2022-11-25T12:10:06","modified_gmt":"2022-11-25T11:10:06","slug":"los-empleados-de-la-tonnellerie-baron-descarbonizan","status":"publish","type":"post","link":"https:\/\/www.tonnelleriebaron.com\/es\/los-empleados-de-la-tonnellerie-baron-descarbonizan\/","title":{"rendered":"\u00a1Los empleados de la Tonnellerie Baron descarbonizan!"},"content":{"rendered":"<p>[et_pb_section fb_built=\u00bb1&#8243; _builder_version=\u00bb4.4.5&#8243; custom_margin=\u00bb0px||0px||false|false\u00bb custom_padding=\u00bb0px||0px||false|false\u00bb global_colors_info=\u00bb{}\u00bb][et_pb_row _builder_version=\u00bb4.11.2&#8243; custom_margin=\u00bb40px||||false|false\u00bb custom_margin_tablet=\u00bb30px||||false|false\u00bb custom_margin_phone=\u00bb20px||||false|false\u00bb custom_margin_last_edited=\u00bbon|phone\u00bb custom_padding=\u00bb0px|0px|0px|0px|false|false\u00bb global_colors_info=\u00bb{}\u00bb][et_pb_column type=\u00bb4_4&#8243; _builder_version=\u00bb4.4.5&#8243; global_colors_info=\u00bb{}\u00bb][et_pb_text _builder_version=\u00bb4.4.7&#8243; global_colors_info=\u00bb{}\u00bb]<\/p>\n<p>[\/et_pb_text][et_pb_text _builder_version=\u00bb4.14.4&#8243; text_font_size=\u00bb18px\u00bb custom_padding=\u00bb||||false|false\u00bb hover_enabled=\u00bb0&#8243; text_font_size_tablet=\u00bb\u00bb text_font_size_phone=\u00bb16px\u00bb text_font_size_last_edited=\u00bbon|phone\u00bb global_colors_info=\u00bb{}\u00bb sticky_enabled=\u00bb0&#8243;]<\/p>\n<p><strong><em><\/em><\/strong><\/p>\n<p><em><strong>El a\u00f1o empieza con fuerza para el equipo, que participo en el proyecto \u201cAtelier 2 Tons\u201d (<a href=\"https:\/\/www.2tonnes.org\/\" target=\"_blank\" rel=\"noopener\">2 Tonnes<\/a>), cuyo objetivo es concienciar a los empleados sobre el impacto humano en el cambio clim\u00e1tico.<\/strong><\/em><\/p>\n<p><strong><em><\/em><\/strong><\/p>\n<p>[\/et_pb_text][et_pb_text _builder_version=\u00bb4.14.4&#8243; text_font_size=\u00bb18px\u00bb custom_padding=\u00bb||20px||false|false\u00bb hover_enabled=\u00bb0&#8243; text_font_size_tablet=\u00bb\u00bb text_font_size_phone=\u00bb16px\u00bb text_font_size_last_edited=\u00bbon|phone\u00bb locked=\u00bboff\u00bb global_colors_info=\u00bb{}\u00bb sticky_enabled=\u00bb0&#8243;]<\/p>\n<p>Si el Acuerdo de Par\u00eds funciona para limitar el aumento de la temperatura a menos de 2\u00b0C de aqu\u00ed a 2050, el proyecto \u201c<a href=\"https:\/\/www.2tonnes.org\/\" target=\"_blank\" rel=\"noopener\">Atelier 2 Tons<\/a>\u201d se moviliza para cumplirlo, haciendo que los humanos reduzcan sus emisiones y pretende que vayan hacia las 2TM de CO2 (*)\/humano.<\/p>\n<p>\u00bfY entonces como lo hacemos?<\/p>\n<p>En forma de cuestionario, los empleados pasaron una ma\u00f1ana trabajando en sus emisiones declarando su modo de transporte, sus h\u00e1bitos alimentarios, su consumo de energ\u00eda y de bienes y servicios. Fue una gran discusi\u00f3n que lanz\u00f3 debates y permiti\u00f3 a todos comprender que su impacto individual es tan importante como el impacto colectivo. Cada uno se fue con su propio objetivo de reducci\u00f3n y ahora puede actuar en su balance declarando sus cambios de h\u00e1bitos.<\/p>\n<p>Como aut\u00e9ntica pol\u00edtica de empresa, la descarbonizaci\u00f3n de la Toneler\u00eda es un tema de cada momento: producci\u00f3n, transporte, bienes y servicios, proveedores. Aunque la empresa realiz\u00f3 su huella de carbono en 2019, solo utiliza sus cifras para hacerlas evolucionar y reducir su huella, que compensa en particular con el plan Plant for the Future (<a href=\"https:\/\/www.plantonspourlavenir.fr\/\" target=\"_blank\" rel=\"noopener\">Plantons pour l&#8217;Avenir<\/a>) (15.000 \u00e1rboles al a\u00f1o desde 2018) y la plantaci\u00f3n de su arboretum de 10.000 \u00e1rboles en su centro de producci\u00f3n.<\/p>\n<p><strong>\u00abLa huella de carbono no se fija, sino que avanza con nosotros\u00bb<\/strong>, afirma Rapha\u00eblle Reeves, responsable de QSE, atenta a las iniciativas serias y validadas de baja emisi\u00f3n de carbono.<\/p>\n<p>En noviembre de 2021, Tonnellerie Baron y otras 15 empresas francesas fueron seleccionadas por el BPI para participar en el innovador programa \u00ab<a href=\"https:\/\/bigmedia.bpifrance.fr\/news\/accelerateur-decarbonation-le-programme-qui-accompagne-les-entrepreneurs-dans-leur-transition-bas-carbone\" target=\"_blank\" rel=\"noopener\">Acelerador de descarbonizaci\u00f3n<\/a>\u00ab.<\/p>\n<p>Acompa\u00f1ada por un referente especializado en la transici\u00f3n energ\u00e9tica, la Tonnellerie tomar\u00e1 progresivamente la iniciativa en su plan de acciones a partir de indicadores y se fijar\u00e1 objetivos, una vez transcurrido el per\u00edodo de diagn\u00f3stico en curso.<\/p>\n<p>Todas estas medidas est\u00e1n en manos de Nicolas Tombu, Director Asociado, y Rapha\u00eblle Reeves-Ribi\u00e8re, Responsable de Calidad Seguridad Medio Ambiente.<\/p>\n<p>Los 60 empleados son conscientes cada d\u00eda de los esfuerzos que hay que hacer para acercarse individualmente al objetivo de 2 toneladas y colectivamente, para reducir el peso del carbono por barrica, hasta el punto de alcanzar el cero carbono despu\u00e9s de la compensaci\u00f3n.<\/p>\n<p>&nbsp;<\/p>\n<p><em>(*)Se trata de una tonelada de CO2 equivalente y permite contabilizar todos los gases de efecto invernadero en la misma unidad.<\/em><\/p>\n<p>&nbsp;<\/p>\n<p>&nbsp;<\/p>\n<p>[\/et_pb_text][et_pb_gallery gallery_ids=\u00bb6700,6696,4979&#8243; posts_number=\u00bb3&#8243; show_title_and_caption=\u00bboff\u00bb show_pagination=\u00bboff\u00bb _builder_version=\u00bb4.14.4&#8243; _module_preset=\u00bbdefault\u00bb custom_padding=\u00bb|||100px|false|false\u00bb global_colors_info=\u00bb{}\u00bb][\/et_pb_gallery][\/et_pb_column][\/et_pb_row][et_pb_row _builder_version=\u00bb4.11.2&#8243; custom_padding=\u00bb10px||||false|false\u00bb global_colors_info=\u00bb{}\u00bb][et_pb_column type=\u00bb4_4&#8243; _builder_version=\u00bb4.4.8&#8243; global_colors_info=\u00bb{}\u00bb][et_pb_text _builder_version=\u00bb4.11.2&#8243; custom_padding=\u00bb10px||20px||false|false\u00bb global_colors_info=\u00bb{}\u00bb][\/et_pb_text][et_pb_post_nav _builder_version=\u00bb4.4.5&#8243; custom_margin=\u00bb|-120px||||\u00bb custom_padding=\u00bb|20px||20px|false|false\u00bb custom_padding_tablet=\u00bb|20px||20px|false|false\u00bb custom_padding_phone=\u00bb|0px||0px|false|false\u00bb custom_padding_last_edited=\u00bbon|phone\u00bb global_colors_info=\u00bb{}\u00bb][\/et_pb_post_nav][\/et_pb_column][\/et_pb_row][\/et_pb_section][et_pb_section fb_built=\u00bb1&#8243; _builder_version=\u00bb4.11.2&#8243; _module_preset=\u00bbdefault\u00bb global_colors_info=\u00bb{}\u00bb][et_pb_row _builder_version=\u00bb4.11.2&#8243; _module_preset=\u00bbdefault\u00bb global_colors_info=\u00bb{}\u00bb][et_pb_column type=\u00bb4_4&#8243; _builder_version=\u00bb4.11.2&#8243; _module_preset=\u00bbdefault\u00bb global_colors_info=\u00bb{}\u00bb][\/et_pb_column][\/et_pb_row][\/et_pb_section]<\/p>\n","protected":false},"excerpt":{"rendered":"<p>El a\u00f1o empieza con fuerza para el equipo, que participo en el proyecto \u201cAtelier 2 Tons\u201d (2 Tonnes), cuyo objetivo es concienciar a los empleados sobre el impacto humano en el cambio clim\u00e1tico. Si el Acuerdo de Par\u00eds funciona para limitar el aumento de la temperatura a menos de 2\u00b0C de aqu\u00ed a 2050, el [&hellip;]<\/p>\n","protected":false},"author":3,"featured_media":6706,"comment_status":"open","ping_status":"open","sticky":false,"template":"","format":"standard","meta":{"_et_pb_use_builder":"on","_et_pb_old_content":"","_et_gb_content_width":"","footnotes":""},"categories":[1,3],"tags":[],"class_list":["post-6712","post","type-post","status-publish","format-standard","has-post-thumbnail","hentry","category-non-classifiee","category-sin-categorizar"],"yoast_head":"<!-- This site is optimized with the Yoast SEO plugin v25.8 - https:\/\/yoast.com\/wordpress\/plugins\/seo\/ -->\n<title>\u00a1Los empleados de la Tonnellerie Baron descarbonizan! | Tonnellerie Baron<\/title>\n<meta name=\"description\" content=\"\u00a1Los empleados de la Tonnellerie Baron descarbonizan! |El a\u00f1o empieza con fuerza para el equipo, que participo en el proyecto \u201cAtelier 2 Tons\u201d, cuyo objetivo es concienciar a los empleados sobre el impacto humano en el cambio clim\u00e1tico.| Tonnellerie Baron\" \/>\n<meta name=\"robots\" content=\"index, follow, max-snippet:-1, max-image-preview:large, max-video-preview:-1\" \/>\n<link rel=\"canonical\" href=\"https:\/\/www.tonnelleriebaron.com\/es\/los-empleados-de-la-tonnellerie-baron-descarbonizan\/\" \/>\n<meta property=\"og:locale\" content=\"es_ES\" \/>\n<meta property=\"og:type\" content=\"article\" \/>\n<meta property=\"og:title\" content=\"\u00a1Los empleados de la Tonnellerie Baron descarbonizan! | Tonnellerie Baron\" \/>\n<meta property=\"og:description\" content=\"\u00a1Los empleados de la Tonnellerie Baron descarbonizan! |El a\u00f1o empieza con fuerza para el equipo, que participo en el proyecto \u201cAtelier 2 Tons\u201d, cuyo objetivo es concienciar a los empleados sobre el impacto humano en el cambio clim\u00e1tico.| Tonnellerie Baron\" \/>\n<meta property=\"og:url\" content=\"https:\/\/www.tonnelleriebaron.com\/es\/los-empleados-de-la-tonnellerie-baron-descarbonizan\/\" \/>\n<meta property=\"og:site_name\" content=\"Tonnellerie Baron\" \/>\n<meta property=\"article:published_time\" content=\"2022-01-17T14:51:20+00:00\" \/>\n<meta property=\"article:modified_time\" content=\"2022-11-25T11:10:06+00:00\" \/>\n<meta property=\"og:image\" content=\"https:\/\/www.tonnelleriebaron.com\/wp-content\/uploads\/2022\/01\/IMG_0758-copie-scaled.jpg\" \/>\n\t<meta property=\"og:image:width\" content=\"2560\" \/>\n\t<meta property=\"og:image:height\" content=\"2237\" \/>\n\t<meta property=\"og:image:type\" content=\"image\/jpeg\" \/>\n<meta name=\"author\" content=\"M\u00fcge Textoris\" \/>\n<meta name=\"twitter:card\" content=\"summary_large_image\" \/>\n<meta name=\"twitter:label1\" content=\"Escrito por\" \/>\n\t<meta name=\"twitter:data1\" content=\"M\u00fcge Textoris\" \/>\n\t<meta name=\"twitter:label2\" content=\"Tiempo de lectura\" \/>\n\t<meta name=\"twitter:data2\" content=\"4 minutos\" \/>\n<script type=\"application\/ld+json\" class=\"yoast-schema-graph\">{\"@context\":\"https:\/\/schema.org\",\"@graph\":[{\"@type\":\"Article\",\"@id\":\"https:\/\/www.tonnelleriebaron.com\/es\/los-empleados-de-la-tonnellerie-baron-descarbonizan\/#article\",\"isPartOf\":{\"@id\":\"https:\/\/www.tonnelleriebaron.com\/es\/los-empleados-de-la-tonnellerie-baron-descarbonizan\/\"},\"author\":{\"name\":\"M\u00fcge Textoris\",\"@id\":\"https:\/\/www.tonnelleriebaron.com\/es\/#\/schema\/person\/26513aaeddaa95b83b13d3907313a6b0\"},\"headline\":\"\u00a1Los empleados de la Tonnellerie Baron descarbonizan!\",\"datePublished\":\"2022-01-17T14:51:20+00:00\",\"dateModified\":\"2022-11-25T11:10:06+00:00\",\"mainEntityOfPage\":{\"@id\":\"https:\/\/www.tonnelleriebaron.com\/es\/los-empleados-de-la-tonnellerie-baron-descarbonizan\/\"},\"wordCount\":779,\"commentCount\":0,\"publisher\":{\"@id\":\"https:\/\/www.tonnelleriebaron.com\/es\/#organization\"},\"image\":{\"@id\":\"https:\/\/www.tonnelleriebaron.com\/es\/los-empleados-de-la-tonnellerie-baron-descarbonizan\/#primaryimage\"},\"thumbnailUrl\":\"https:\/\/www.tonnelleriebaron.com\/wp-content\/uploads\/2022\/01\/IMG_0758-copie-scaled.jpg\",\"articleSection\":[\"Non classifi\u00e9(e)\",\"Sin categorizar\"],\"inLanguage\":\"es\",\"potentialAction\":[{\"@type\":\"CommentAction\",\"name\":\"Comment\",\"target\":[\"https:\/\/www.tonnelleriebaron.com\/es\/los-empleados-de-la-tonnellerie-baron-descarbonizan\/#respond\"]}]},{\"@type\":\"WebPage\",\"@id\":\"https:\/\/www.tonnelleriebaron.com\/es\/los-empleados-de-la-tonnellerie-baron-descarbonizan\/\",\"url\":\"https:\/\/www.tonnelleriebaron.com\/es\/los-empleados-de-la-tonnellerie-baron-descarbonizan\/\",\"name\":\"\u00a1Los empleados de la Tonnellerie Baron descarbonizan! | Tonnellerie Baron\",\"isPartOf\":{\"@id\":\"https:\/\/www.tonnelleriebaron.com\/es\/#website\"},\"primaryImageOfPage\":{\"@id\":\"https:\/\/www.tonnelleriebaron.com\/es\/los-empleados-de-la-tonnellerie-baron-descarbonizan\/#primaryimage\"},\"image\":{\"@id\":\"https:\/\/www.tonnelleriebaron.com\/es\/los-empleados-de-la-tonnellerie-baron-descarbonizan\/#primaryimage\"},\"thumbnailUrl\":\"https:\/\/www.tonnelleriebaron.com\/wp-content\/uploads\/2022\/01\/IMG_0758-copie-scaled.jpg\",\"datePublished\":\"2022-01-17T14:51:20+00:00\",\"dateModified\":\"2022-11-25T11:10:06+00:00\",\"description\":\"\u00a1Los empleados de la Tonnellerie Baron descarbonizan! |El a\u00f1o empieza con fuerza para el equipo, que participo en el proyecto \u201cAtelier 2 Tons\u201d, cuyo objetivo es concienciar a los empleados sobre el impacto humano en el cambio clim\u00e1tico.| Tonnellerie Baron\",\"breadcrumb\":{\"@id\":\"https:\/\/www.tonnelleriebaron.com\/es\/los-empleados-de-la-tonnellerie-baron-descarbonizan\/#breadcrumb\"},\"inLanguage\":\"es\",\"potentialAction\":[{\"@type\":\"ReadAction\",\"target\":[\"https:\/\/www.tonnelleriebaron.com\/es\/los-empleados-de-la-tonnellerie-baron-descarbonizan\/\"]}]},{\"@type\":\"ImageObject\",\"inLanguage\":\"es\",\"@id\":\"https:\/\/www.tonnelleriebaron.com\/es\/los-empleados-de-la-tonnellerie-baron-descarbonizan\/#primaryimage\",\"url\":\"https:\/\/www.tonnelleriebaron.com\/wp-content\/uploads\/2022\/01\/IMG_0758-copie-scaled.jpg\",\"contentUrl\":\"https:\/\/www.tonnelleriebaron.com\/wp-content\/uploads\/2022\/01\/IMG_0758-copie-scaled.jpg\",\"width\":2560,\"height\":2237,\"caption\":\"ATELIER 2 TONNES\"},{\"@type\":\"BreadcrumbList\",\"@id\":\"https:\/\/www.tonnelleriebaron.com\/es\/los-empleados-de-la-tonnellerie-baron-descarbonizan\/#breadcrumb\",\"itemListElement\":[{\"@type\":\"ListItem\",\"position\":1,\"name\":\"Accueil\",\"item\":\"https:\/\/www.tonnelleriebaron.com\/es\/\"},{\"@type\":\"ListItem\",\"position\":2,\"name\":\"\u00a1Los empleados de la Tonnellerie Baron descarbonizan!\"}]},{\"@type\":\"WebSite\",\"@id\":\"https:\/\/www.tonnelleriebaron.com\/es\/#website\",\"url\":\"https:\/\/www.tonnelleriebaron.com\/es\/\",\"name\":\"Tonnellerie Baron\",\"description\":\"140 ans de passion au service de vins d&#039;exception.\",\"publisher\":{\"@id\":\"https:\/\/www.tonnelleriebaron.com\/es\/#organization\"},\"potentialAction\":[{\"@type\":\"SearchAction\",\"target\":{\"@type\":\"EntryPoint\",\"urlTemplate\":\"https:\/\/www.tonnelleriebaron.com\/es\/?s={search_term_string}\"},\"query-input\":{\"@type\":\"PropertyValueSpecification\",\"valueRequired\":true,\"valueName\":\"search_term_string\"}}],\"inLanguage\":\"es\"},{\"@type\":\"Organization\",\"@id\":\"https:\/\/www.tonnelleriebaron.com\/es\/#organization\",\"name\":\"Tonnellerie Baron\",\"url\":\"https:\/\/www.tonnelleriebaron.com\/es\/\",\"logo\":{\"@type\":\"ImageObject\",\"inLanguage\":\"es\",\"@id\":\"https:\/\/www.tonnelleriebaron.com\/es\/#\/schema\/logo\/image\/\",\"url\":\"https:\/\/www.tonnelleriebaron.com\/wp-content\/uploads\/2019\/06\/LOGO-TONNELLERIE-BARON-PM874-INSPIRE\u0301E-par-NATURE2.png\",\"contentUrl\":\"https:\/\/www.tonnelleriebaron.com\/wp-content\/uploads\/2019\/06\/LOGO-TONNELLERIE-BARON-PM874-INSPIRE\u0301E-par-NATURE2.png\",\"width\":1302,\"height\":483,\"caption\":\"Tonnellerie Baron\"},\"image\":{\"@id\":\"https:\/\/www.tonnelleriebaron.com\/es\/#\/schema\/logo\/image\/\"},\"sameAs\":[\"https:\/\/www.instagram.com\/tonnelleriebaron\",\"https:\/\/www.linkedin.com\/company\/tonnellerie-baron\"]},{\"@type\":\"Person\",\"@id\":\"https:\/\/www.tonnelleriebaron.com\/es\/#\/schema\/person\/26513aaeddaa95b83b13d3907313a6b0\",\"name\":\"M\u00fcge Textoris\",\"image\":{\"@type\":\"ImageObject\",\"inLanguage\":\"es\",\"@id\":\"https:\/\/www.tonnelleriebaron.com\/es\/#\/schema\/person\/image\/\",\"url\":\"https:\/\/secure.gravatar.com\/avatar\/059a837cfc58a9feaa676edb8c47406e8686e0dc72d739fc1df0f7f364ae48cc?s=96&d=mm&r=g\",\"contentUrl\":\"https:\/\/secure.gravatar.com\/avatar\/059a837cfc58a9feaa676edb8c47406e8686e0dc72d739fc1df0f7f364ae48cc?s=96&d=mm&r=g\",\"caption\":\"M\u00fcge Textoris\"}}]}<\/script>\n<!-- \/ Yoast SEO plugin. -->","yoast_head_json":{"title":"\u00a1Los empleados de la Tonnellerie Baron descarbonizan! | Tonnellerie Baron","description":"\u00a1Los empleados de la Tonnellerie Baron descarbonizan! |El a\u00f1o empieza con fuerza para el equipo, que participo en el proyecto \u201cAtelier 2 Tons\u201d, cuyo objetivo es concienciar a los empleados sobre el impacto humano en el cambio clim\u00e1tico.| Tonnellerie Baron","robots":{"index":"index","follow":"follow","max-snippet":"max-snippet:-1","max-image-preview":"max-image-preview:large","max-video-preview":"max-video-preview:-1"},"canonical":"https:\/\/www.tonnelleriebaron.com\/es\/los-empleados-de-la-tonnellerie-baron-descarbonizan\/","og_locale":"es_ES","og_type":"article","og_title":"\u00a1Los empleados de la Tonnellerie Baron descarbonizan! | Tonnellerie Baron","og_description":"\u00a1Los empleados de la Tonnellerie Baron descarbonizan! |El a\u00f1o empieza con fuerza para el equipo, que participo en el proyecto \u201cAtelier 2 Tons\u201d, cuyo objetivo es concienciar a los empleados sobre el impacto humano en el cambio clim\u00e1tico.| Tonnellerie Baron","og_url":"https:\/\/www.tonnelleriebaron.com\/es\/los-empleados-de-la-tonnellerie-baron-descarbonizan\/","og_site_name":"Tonnellerie Baron","article_published_time":"2022-01-17T14:51:20+00:00","article_modified_time":"2022-11-25T11:10:06+00:00","og_image":[{"width":2560,"height":2237,"url":"https:\/\/www.tonnelleriebaron.com\/wp-content\/uploads\/2022\/01\/IMG_0758-copie-scaled.jpg","type":"image\/jpeg"}],"author":"M\u00fcge Textoris","twitter_card":"summary_large_image","twitter_misc":{"Escrito por":"M\u00fcge Textoris","Tiempo de lectura":"4 minutos"},"schema":{"@context":"https:\/\/schema.org","@graph":[{"@type":"Article","@id":"https:\/\/www.tonnelleriebaron.com\/es\/los-empleados-de-la-tonnellerie-baron-descarbonizan\/#article","isPartOf":{"@id":"https:\/\/www.tonnelleriebaron.com\/es\/los-empleados-de-la-tonnellerie-baron-descarbonizan\/"},"author":{"name":"M\u00fcge Textoris","@id":"https:\/\/www.tonnelleriebaron.com\/es\/#\/schema\/person\/26513aaeddaa95b83b13d3907313a6b0"},"headline":"\u00a1Los empleados de la Tonnellerie Baron descarbonizan!","datePublished":"2022-01-17T14:51:20+00:00","dateModified":"2022-11-25T11:10:06+00:00","mainEntityOfPage":{"@id":"https:\/\/www.tonnelleriebaron.com\/es\/los-empleados-de-la-tonnellerie-baron-descarbonizan\/"},"wordCount":779,"commentCount":0,"publisher":{"@id":"https:\/\/www.tonnelleriebaron.com\/es\/#organization"},"image":{"@id":"https:\/\/www.tonnelleriebaron.com\/es\/los-empleados-de-la-tonnellerie-baron-descarbonizan\/#primaryimage"},"thumbnailUrl":"https:\/\/www.tonnelleriebaron.com\/wp-content\/uploads\/2022\/01\/IMG_0758-copie-scaled.jpg","articleSection":["Non classifi\u00e9(e)","Sin categorizar"],"inLanguage":"es","potentialAction":[{"@type":"CommentAction","name":"Comment","target":["https:\/\/www.tonnelleriebaron.com\/es\/los-empleados-de-la-tonnellerie-baron-descarbonizan\/#respond"]}]},{"@type":"WebPage","@id":"https:\/\/www.tonnelleriebaron.com\/es\/los-empleados-de-la-tonnellerie-baron-descarbonizan\/","url":"https:\/\/www.tonnelleriebaron.com\/es\/los-empleados-de-la-tonnellerie-baron-descarbonizan\/","name":"\u00a1Los empleados de la Tonnellerie Baron descarbonizan! | Tonnellerie Baron","isPartOf":{"@id":"https:\/\/www.tonnelleriebaron.com\/es\/#website"},"primaryImageOfPage":{"@id":"https:\/\/www.tonnelleriebaron.com\/es\/los-empleados-de-la-tonnellerie-baron-descarbonizan\/#primaryimage"},"image":{"@id":"https:\/\/www.tonnelleriebaron.com\/es\/los-empleados-de-la-tonnellerie-baron-descarbonizan\/#primaryimage"},"thumbnailUrl":"https:\/\/www.tonnelleriebaron.com\/wp-content\/uploads\/2022\/01\/IMG_0758-copie-scaled.jpg","datePublished":"2022-01-17T14:51:20+00:00","dateModified":"2022-11-25T11:10:06+00:00","description":"\u00a1Los empleados de la Tonnellerie Baron descarbonizan! |El a\u00f1o empieza con fuerza para el equipo, que participo en el proyecto \u201cAtelier 2 Tons\u201d, cuyo objetivo es concienciar a los empleados sobre el impacto humano en el cambio clim\u00e1tico.| Tonnellerie Baron","breadcrumb":{"@id":"https:\/\/www.tonnelleriebaron.com\/es\/los-empleados-de-la-tonnellerie-baron-descarbonizan\/#breadcrumb"},"inLanguage":"es","potentialAction":[{"@type":"ReadAction","target":["https:\/\/www.tonnelleriebaron.com\/es\/los-empleados-de-la-tonnellerie-baron-descarbonizan\/"]}]},{"@type":"ImageObject","inLanguage":"es","@id":"https:\/\/www.tonnelleriebaron.com\/es\/los-empleados-de-la-tonnellerie-baron-descarbonizan\/#primaryimage","url":"https:\/\/www.tonnelleriebaron.com\/wp-content\/uploads\/2022\/01\/IMG_0758-copie-scaled.jpg","contentUrl":"https:\/\/www.tonnelleriebaron.com\/wp-content\/uploads\/2022\/01\/IMG_0758-copie-scaled.jpg","width":2560,"height":2237,"caption":"ATELIER 2 TONNES"},{"@type":"BreadcrumbList","@id":"https:\/\/www.tonnelleriebaron.com\/es\/los-empleados-de-la-tonnellerie-baron-descarbonizan\/#breadcrumb","itemListElement":[{"@type":"ListItem","position":1,"name":"Accueil","item":"https:\/\/www.tonnelleriebaron.com\/es\/"},{"@type":"ListItem","position":2,"name":"\u00a1Los empleados de la Tonnellerie Baron descarbonizan!"}]},{"@type":"WebSite","@id":"https:\/\/www.tonnelleriebaron.com\/es\/#website","url":"https:\/\/www.tonnelleriebaron.com\/es\/","name":"Tonnellerie Baron","description":"140 ans de passion au service de vins d&#039;exception.","publisher":{"@id":"https:\/\/www.tonnelleriebaron.com\/es\/#organization"},"potentialAction":[{"@type":"SearchAction","target":{"@type":"EntryPoint","urlTemplate":"https:\/\/www.tonnelleriebaron.com\/es\/?s={search_term_string}"},"query-input":{"@type":"PropertyValueSpecification","valueRequired":true,"valueName":"search_term_string"}}],"inLanguage":"es"},{"@type":"Organization","@id":"https:\/\/www.tonnelleriebaron.com\/es\/#organization","name":"Tonnellerie Baron","url":"https:\/\/www.tonnelleriebaron.com\/es\/","logo":{"@type":"ImageObject","inLanguage":"es","@id":"https:\/\/www.tonnelleriebaron.com\/es\/#\/schema\/logo\/image\/","url":"https:\/\/www.tonnelleriebaron.com\/wp-content\/uploads\/2019\/06\/LOGO-TONNELLERIE-BARON-PM874-INSPIRE\u0301E-par-NATURE2.png","contentUrl":"https:\/\/www.tonnelleriebaron.com\/wp-content\/uploads\/2019\/06\/LOGO-TONNELLERIE-BARON-PM874-INSPIRE\u0301E-par-NATURE2.png","width":1302,"height":483,"caption":"Tonnellerie Baron"},"image":{"@id":"https:\/\/www.tonnelleriebaron.com\/es\/#\/schema\/logo\/image\/"},"sameAs":["https:\/\/www.instagram.com\/tonnelleriebaron","https:\/\/www.linkedin.com\/company\/tonnellerie-baron"]},{"@type":"Person","@id":"https:\/\/www.tonnelleriebaron.com\/es\/#\/schema\/person\/26513aaeddaa95b83b13d3907313a6b0","name":"M\u00fcge Textoris","image":{"@type":"ImageObject","inLanguage":"es","@id":"https:\/\/www.tonnelleriebaron.com\/es\/#\/schema\/person\/image\/","url":"https:\/\/secure.gravatar.com\/avatar\/059a837cfc58a9feaa676edb8c47406e8686e0dc72d739fc1df0f7f364ae48cc?s=96&d=mm&r=g","contentUrl":"https:\/\/secure.gravatar.com\/avatar\/059a837cfc58a9feaa676edb8c47406e8686e0dc72d739fc1df0f7f364ae48cc?s=96&d=mm&r=g","caption":"M\u00fcge Textoris"}}]}},"_links":{"self":[{"href":"https:\/\/www.tonnelleriebaron.com\/es\/wp-json\/wp\/v2\/posts\/6712","targetHints":{"allow":["GET"]}}],"collection":[{"href":"https:\/\/www.tonnelleriebaron.com\/es\/wp-json\/wp\/v2\/posts"}],"about":[{"href":"https:\/\/www.tonnelleriebaron.com\/es\/wp-json\/wp\/v2\/types\/post"}],"author":[{"embeddable":true,"href":"https:\/\/www.tonnelleriebaron.com\/es\/wp-json\/wp\/v2\/users\/3"}],"replies":[{"embeddable":true,"href":"https:\/\/www.tonnelleriebaron.com\/es\/wp-json\/wp\/v2\/comments?post=6712"}],"version-history":[{"count":0,"href":"https:\/\/www.tonnelleriebaron.com\/es\/wp-json\/wp\/v2\/posts\/6712\/revisions"}],"wp:featuredmedia":[{"embeddable":true,"href":"https:\/\/www.tonnelleriebaron.com\/es\/wp-json\/wp\/v2\/media\/6706"}],"wp:attachment":[{"href":"https:\/\/www.tonnelleriebaron.com\/es\/wp-json\/wp\/v2\/media?parent=6712"}],"wp:term":[{"taxonomy":"category","embeddable":true,"href":"https:\/\/www.tonnelleriebaron.com\/es\/wp-json\/wp\/v2\/categories?post=6712"},{"taxonomy":"post_tag","embeddable":true,"href":"https:\/\/www.tonnelleriebaron.com\/es\/wp-json\/wp\/v2\/tags?post=6712"}],"curies":[{"name":"wp","href":"https:\/\/api.w.org\/{rel}","templated":true}]}}